{"id":17054,"date":"2023-04-05T17:10:03","date_gmt":"2023-04-05T14:10:03","guid":{"rendered":"https:\/\/nestlersgroup.com\/stiri-pentru-calatoriile-de-afaceri-in-romania-indemnizatia-de-delegare-neimpozabila-creste-pentru-entitatile-private\/"},"modified":"2023-06-05T23:45:58","modified_gmt":"2023-06-05T20:45:58","slug":"stiri-pentru-calatoriile-de-afaceri-in-romania-indemnizatia-de-delegare-neimpozabila-creste-pentru-entitatile-private","status":"publish","type":"post","link":"https:\/\/nestlersgroup.com\/ro\/stiri-pentru-calatoriile-de-afaceri-in-romania-indemnizatia-de-delegare-neimpozabila-creste-pentru-entitatile-private\/","title":{"rendered":"\u0218tiri pentru c\u0103l\u0103toriile de afaceri \u00een Rom\u00e2nia: Indemniza\u021bia de delegare neimpozabil\u0103 cre\u0219te pentru entit\u0103\u021bile private"},"content":{"rendered":"\n<p>Lucra\u021bi pentru o companie rom\u00e2neasc\u0103 \u0219i trebuie s\u0103 c\u0103l\u0103tori\u021bi frecvent? Dac\u0103 a\u021bi r\u0103spuns da la ambele \u00eentreb\u0103ri, vrem s\u0103 v\u0103 \u00eemp\u0103rt\u0103\u0219im o veste extraordinar\u0103: indemniza\u021bia de delega\u021bie va cre\u0219te pentru entit\u0103\u021bile private.<\/p>\n\n<p>Aceasta \u00eenseamn\u0103 c\u0103 acum pute\u021bi beneficia de \u0219i mai mult sprijin financiar atunci c\u00e2nd c\u0103l\u0103tori\u021bi \u00een scopuri de afaceri. Fie c\u0103 participa\u021bi la conferin\u021be, \u00eent\u00e2lni\u021bi clien\u021bi sau explora\u021bi noi pie\u021be, aceast\u0103 indemniza\u021bie de delega\u021bie majorat\u0103 v\u0103 va ajuta s\u0103 v\u0103 acoperi\u021bi cheltuielile \u0219i s\u0103 v\u0103 transforma\u021bi c\u0103l\u0103toriile de afaceri \u00eentr-o experien\u021b\u0103 mai confortabil\u0103 \u0219i mai satisf\u0103c\u0103toare. Profitati de aceast\u0103 oportunitate \u0219i maximiza\u021bi-v\u0103 productivitatea \u00een timp ce experimenta\u021bi mediul de afaceri vibrant din Rom\u00e2nia. Nu rata\u021bi acest beneficiu valoros care poate \u00eembun\u0103t\u0103\u021bi c\u0103l\u0103toria dvs. profesional\u0103.<\/p>\n\n<h2 class=\"wp-block-heading\"><div class=\"group w-full text-gray-800 dark:text-gray-100 border-b border-black\/10 dark:border-gray-900\/50 bg-gray-50 dark:bg-[#444654]\">&#13;\n<div class=\"flex p-4 gap-4 text-base md:gap-6 md:max-w-2xl lg:max-w-[38rem] xl:max-w-3xl md:py-6 lg:px-0 m-auto\">&#13;\n<div class=\"relative flex w-[calc(100%-50px)] flex-col gap-1 md:gap-3 lg:w-[calc(100%-115px)]\">&#13;\n<div class=\"flex flex-grow flex-col gap-3\">&#13;\n<div class=\"min-h-[20px] flex flex-col items-start gap-4 whitespace-pre-wrap break-words\">&#13;\n<div class=\"markdown prose w-full break-words dark:prose-invert light\">&#13;\n&#13;\n<strong>F\u0103-\u021bi bagajele! C\u0103l\u0103toria de afaceri tocmai au devenit mult mai accesibile din punct de vedere financiar<\/strong>&#13;\n&#13;\n<\/div>&#13;\n<\/div>&#13;\n<\/div>&#13;\n<\/div>&#13;\n<\/div>&#13;\n<\/div><\/h2>\n\n<p>\u00cencep\u00e2nd cu 1 aprilie 2023, indemniza\u021bia de delegare neimpozabil\u0103 va cre\u0219te de la 20 lei\/zi la 23 lei\/zi. Aceast\u0103 modificare, anun\u021bat\u0103 \u00een cea mai recent\u0103 actualizare a Ordinului 1235\/2023, se aplic\u0103 tuturor entit\u0103\u021bilor, cu excep\u021bia celor de stat. Pe l\u00e2ng\u0103 aceasta, alocarea pentru cazare \u0219i indemniza\u021bia de deplasare au fost, de asemenea, revizuite, f\u0103c\u00e2nd ca c\u0103l\u0103toriile de afaceri s\u0103 fie mai accesibile ca niciodat\u0103.<\/p>\n\n<p>\u0218tim c\u0103 la prima vedere aceast\u0103 sum\u0103 poate p\u0103rea mic\u0103, \u00eens\u0103 atunci c\u00e2nd aduna\u021bi indemniza\u021bia zilnic\u0103, ve\u021bi vedea cu siguran\u021b\u0103 diferen\u021ba. Entit\u0103\u021bile private pot acorda acum o indemniza\u021bie maxim\u0103 neimpozabil\u0103 de 57,50 lei\/zi pentru fiecare zi de delegare. Aceast\u0103 modificare a fost f\u0103cut\u0103 prin <a href=\"https:\/\/legislatie.just.ro\/Public\/DetaliiDocument\/266379\" target=\"_blank\" rel=\"noopener\">Ordinul 1235\/2023<\/a>, care a crescut, de asemenea, indemniza\u021bia de cazare la 265 lei \u0219i indemniza\u021bia de deplasare la 23 lei.<\/p>\n\n<p>Aceast\u0103 revizuire cuprinz\u0103toare a indemniza\u021biilor de delegare demonstreaz\u0103 angajamentul autorit\u0103\u021bilor rom\u00e2ne de a sus\u021bine \u0219i facilita c\u0103l\u0103toriile de afaceri, permi\u021b\u00e2nd profesioni\u0219tilor ca dumneavoastr\u0103 s\u0103 v\u0103 concentra\u021bi asupra obiectivelor principale f\u0103r\u0103 povara financiar\u0103 inutil\u0103. Prin beneficierea de aceste indemniza\u021bii revizuite, pute\u021bi profita la maximum de c\u0103l\u0103toriile de afaceri, s\u0103 optimiza\u021bi bugetul \u0219i s\u0103 aloca\u021bi resurse acolo unde conteaz\u0103 cel mai mult.<\/p>\n\n<h2 class=\"wp-block-heading\">Un c\u00e2\u0219tig pentru angaja\u021bi \u0219i angajatori<\/h2>\n\n<p><div class=\"group w-full text-gray-800 dark:text-gray-100 border-b border-black\/10 dark:border-gray-900\/50 bg-gray-50 dark:bg-[#444654]\">&#13;\n<div class=\"flex p-4 gap-4 text-base md:gap-6 md:max-w-2xl lg:max-w-[38rem] xl:max-w-3xl md:py-6 lg:px-0 m-auto\">&#13;\n<div class=\"relative flex w-[calc(100%-50px)] flex-col gap-1 md:gap-3 lg:w-[calc(100%-115px)]\">&#13;\n<div class=\"flex flex-grow flex-col gap-3\">&#13;\n<div class=\"min-h-[20px] flex flex-col items-start gap-4 whitespace-pre-wrap break-words\">&#13;\n<div class=\"markdown prose w-full break-words dark:prose-invert light\">&#13;\n&#13;\nTotu\u0219i, este important s\u0103 re\u021bine\u021bi c\u0103 fiecare companie stabile\u0219te valoarea indemniza\u021biei zilnice acordate angaja\u021bilor \u00een func\u021bie de criterii interne sau bugete specifice. De\u0219i este incitant s\u0103 ave\u021bi o indemniza\u021bie non-taxabil\u0103 mai mare, este crucial s\u0103 ave\u021bi \u00een vedere c\u0103 valoarea nu poate dep\u0103\u0219i 57.50 lei\/zi. Acest lucru este menit s\u0103 se asigure c\u0103 al doilea criteriu limitativ, care este nivelul salariului angajatului, este de asemenea luat \u00een considerare. Deci, dac\u0103 sunte\u021bi un <a href=\"https:\/\/nestlersgroup.com\/ro\/international-relocation-3\/\">c\u0103l\u0103tor de afaceri<\/a> sau un angajator care trimite angaja\u021bi \u00een delega\u021bie, aceasta este cu siguran\u021b\u0103 o veste bun\u0103 pentru dumneavoastr\u0103. Doar nu uita\u021bi s\u0103 urm\u0103ri\u021bi valoarea non-taxabil\u0103 \u0219i s\u0103 r\u0103m\u00e2ne\u021bi \u00een limitele stabilite.&#13;\n&#13;\n<\/div>&#13;\n<\/div>&#13;\n<\/div>&#13;\n<div class=\"flex justify-between lg:block\">&#13;\n<div class=\"text-gray-400 flex self-end lg:self-center justify-center mt-2 gap-2 md:gap-3 lg:gap-1 lg:absolute lg:top-0 lg:translate-x-full lg:right-0 lg:mt-0 lg:pl-2 visible\"><\/div>&#13;\n<\/div>&#13;\n<\/div>&#13;\n<\/div>&#13;\n<\/div><\/p>\n\n<h2 class=\"wp-block-heading\"><div class=\"group w-full text-gray-800 dark:text-gray-100 border-b border-black\/10 dark:border-gray-900\/50 bg-gray-50 dark:bg-[#444654]\">&#13;\n<div class=\"flex p-4 gap-4 text-base md:gap-6 md:max-w-2xl lg:max-w-[38rem] xl:max-w-3xl md:py-6 lg:px-0 m-auto\">&#13;\n<div class=\"relative flex w-[calc(100%-50px)] flex-col gap-1 md:gap-3 lg:w-[calc(100%-115px)]\">&#13;\n<div class=\"flex flex-grow flex-col gap-3\">&#13;\n<div class=\"min-h-[20px] flex flex-col items-start gap-4 whitespace-pre-wrap break-words\">&#13;\n<div class=\"markdown prose w-full break-words dark:prose-invert light\">&#13;\n&#13;\nCare este procesul de stabilire a pragului neimpozabil?&#13;\n&#13;\n<\/div>&#13;\n<\/div>&#13;\n<\/div>&#13;\n<\/div>&#13;\n<\/div>&#13;\n<\/div><\/h2>\n\n<p>Conform <a href=\"https:\/\/legislatie.just.ro\/Public\/DetaliiDocumentAfis\/253488\" target=\"_blank\" rel=\"noopener\">Codului fiscal rom\u00e2n<\/a>, pragul neimpozabil este stabilit dup\u0103 cum urmeaz\u0103: &#8222;(i) \u00cen \u021bar\u0103, de 2,5 ori nivelul legal stabilit pentru indemniza\u021bie, prin hot\u0103r\u00e2re de guvern, pentru personalul autorit\u0103\u021bilor \u0219i institu\u021biilor publice, \u00een limita a 3 salarii de baz\u0103 corespunz\u0103toare func\u021biei ocupate;<\/p>\n\n<p>(ii) \u00cen str\u0103in\u0103tate, de 2,5 ori nivelul legal stabilit pentru indemniza\u021bia de delegare neimpozabil\u0103, prin hot\u0103r\u00e2re de guvern, pentru personalul rom\u00e2n trimis \u00een str\u0103in\u0103tate \u00een misiuni temporare, \u00een limita a 3 salarii de baz\u0103 corespunz\u0103toare func\u021biei ocupate.&#8221;<\/p>\n\n<h2 class=\"wp-block-heading\">Ce \u00eenseamn\u0103 asta pentru tine?<\/h2>\n\n<ul class=\"wp-block-list\">\n<li>Ve\u021bi putea \u021bine pasul cu cheltuielile zilnice;<\/li>\n\n\n\n<li>Ve\u021bi beneficia de cazare mai bun\u0103 \u00een timpul c\u0103l\u0103toriilor;<\/li>\n\n\n\n<li>Ve\u021bi avea acces la servicii de calitate superioar\u0103;<\/li>\n\n\n\n<li>Ve\u021bi cheltui \u00een total mai pu\u021bini bani personali.<\/li>\n<\/ul>\n\n<p>Av\u00e2nd \u00een vedere toate acestea, cheltuielile dvs. de c\u0103l\u0103torie vor deveni mult mai u\u0219or de gestionat. Cu majorarea indemniza\u021biei de delegare pentru entit\u0103\u021bile private, acum pute\u021bi porni \u00een c\u0103l\u0103toriile dvs. de afaceri cu mintea lini\u0219tit\u0103, \u0219tiind c\u0103 sprijinul financiar a fost sporit. Spune\u021bi adio \u00eengrijor\u0103rilor privind cheltuielile excesive sau suprasolicitarea bugetului \u00een timpul c\u0103l\u0103toriilor de serviciu. Flexibilitatea \u0219i resursele suplimentare oferite de indemniza\u021bia de delegare \u00eembun\u0103t\u0103\u021bit\u0103 v\u0103 vor permite s\u0103 v\u0103 concentra\u021bi asupra obiectivelor profesionale \u0219i s\u0103 profita\u021bi la maximum de experien\u021bele dvs. de c\u0103l\u0103torie \u00een afaceri. C\u0103l\u0103torii fericite!<\/p>\n","protected":false},"excerpt":{"rendered":"<p>Lucra\u021bi pentru o companie rom\u00e2neasc\u0103 \u0219i trebuie s\u0103 c\u0103l\u0103tori\u021bi frecvent? Dac\u0103 a\u021bi r\u0103spuns da la ambele \u00eentreb\u0103ri, vrem s\u0103 v\u0103 \u00eemp\u0103rt\u0103\u0219im o veste extraordinar\u0103: indemniza\u021bia de delega\u021bie va cre\u0219te pentru entit\u0103\u021bile private. Aceasta \u00eenseamn\u0103 c\u0103 acum pute\u021bi beneficia de \u0219i mai mult sprijin financiar atunci c\u00e2nd c\u0103l\u0103tori\u021bi \u00een scopuri de afaceri. Fie c\u0103 participa\u021bi la&hellip;<\/p>\n","protected":false},"author":1000009,"featured_media":11251,"comment_status":"closed","ping_status":"closed","sticky":false,"template":"","format":"standard","meta":{"footnotes":""},"categories":[47,18],"tags":[172,164,30,173,142,171],"class_list":["post-17054","post","type-post","status-publish","format-standard","has-post-thumbnail","hentry","category-media-ro","category-stiri","tag-business-in-romania-ro","tag-calatorie-de-afaceri","tag-covid-ro","tag-delegatie","tag-permis-de-munca-romania","tag-rezidenta-permanenta-in-romania"],"_links":{"self":[{"href":"https:\/\/nestlersgroup.com\/ro\/wp-json\/wp\/v2\/posts\/17054","targetHints":{"allow":["GET"]}}],"collection":[{"href":"https:\/\/nestlersgroup.com\/ro\/wp-json\/wp\/v2\/posts"}],"about":[{"href":"https:\/\/nestlersgroup.com\/ro\/wp-json\/wp\/v2\/types\/post"}],"author":[{"embeddable":true,"href":"https:\/\/nestlersgroup.com\/ro\/wp-json\/wp\/v2\/users\/1000009"}],"replies":[{"embeddable":true,"href":"https:\/\/nestlersgroup.com\/ro\/wp-json\/wp\/v2\/comments?post=17054"}],"version-history":[{"count":6,"href":"https:\/\/nestlersgroup.com\/ro\/wp-json\/wp\/v2\/posts\/17054\/revisions"}],"predecessor-version":[{"id":17060,"href":"https:\/\/nestlersgroup.com\/ro\/wp-json\/wp\/v2\/posts\/17054\/revisions\/17060"}],"wp:featuredmedia":[{"embeddable":true,"href":"https:\/\/nestlersgroup.com\/ro\/wp-json\/wp\/v2\/media\/11251"}],"wp:attachment":[{"href":"https:\/\/nestlersgroup.com\/ro\/wp-json\/wp\/v2\/media?parent=17054"}],"wp:term":[{"taxonomy":"category","embeddable":true,"href":"https:\/\/nestlersgroup.com\/ro\/wp-json\/wp\/v2\/categories?post=17054"},{"taxonomy":"post_tag","embeddable":true,"href":"https:\/\/nestlersgroup.com\/ro\/wp-json\/wp\/v2\/tags?post=17054"}],"curies":[{"name":"wp","href":"https:\/\/api.w.org\/{rel}","templated":true}]}}